{"id":579,"date":"1999-08-31T13:19:58","date_gmt":"1999-08-31T13:19:58","guid":{"rendered":"https:\/\/nolato.wpengine.com\/mfn_news\/klart-med-vd-och-fabrik-i-tallinn\/"},"modified":"1999-08-31T13:19:58","modified_gmt":"1999-08-31T13:19:58","slug":"klart-med-vd-och-fabrik-i-tallinn","status":"publish","type":"mfn_news","link":"https:\/\/temporary.nolato.com\/es\/mfn_news\/klart-med-vd-och-fabrik-i-tallinn\/","title":{"rendered":"Klart med VD och fabrik i Tallinn"},"content":{"rendered":"<div class=\"mfn-preamble\"><strong><\/strong><\/div>\n<pre><p>Nolatos Estlandsfabrik f\u00f6r komponenter till mobiltelefoner:\n\nKlart med VD och fabrik i Tallinn\n\n\nDen b\u00f6rsnoterade Nolatokoncernen h\u00e5ller p\u00e5 att starta ett bolag i Estland f\u00f6r\ntillverkning av komponenter till mobiltelefoner.\n\n\nTill VD i det nya bolaget, som ing\u00e5r i aff\u00e4rsomr\u00e5de Mobile Communication, har\nutsetts Peeter M\u00f6rd. Peeter \u00e4r estl\u00e4ndare och bor med sin familj i Tallinn.\n\nHan har tidigare varit VD i estl\u00e4ndska ViroTools, som tillverkar formverktyg\nf\u00f6r plastindustrin.\n\n\nF\u00f6r verksamheten har hyrts en 1.300 kvadratmeters fabrikslokal p\u00e5 Petersburi\nTee i centrala Tallinn.\n\n\nI Tallinn kommer Nolato att tillverka komponenter f\u00f6r mobiltelefoner. Redan\nidag \u00e4r Nolato Mobile Communication stora leverant\u00f6rer till de ledande\ntillverkarna av mobiltelefoner, t.ex. Ericsson, Nokia och Siemens, genom\nanl\u00e4ggningar i Sverige och USA. I f\u00f6retagets planer ing\u00e5r en st\u00f6rre satsning,\nsom bl.a. inneb\u00e4r nya fabriker och utvecklingskontor i Europa och USA.\n\n\n- Vi \u00e4r utomordentligt n\u00f6jda att ha kunnat ta dessa tv\u00e5 viktiga steg i Estland\np\u00e5 f\u00f6rh\u00e5llandevis kort tid, kommenterar Tomas Sj\u00f6lin, koncernchef i Nolato.\nDen nya anl\u00e4ggningen i Estland kommer att starta i liten skala och v\u00e4xa\nsuccessivt i takt med kunderna. Vi avser att starta tillverkningen i januari\nn\u00e4sta \u00e5r och ber\u00e4knar att oms\u00e4tta 60 mkr under f\u00f6rsta \u00e5ret.\n\n\n- Investeringen i Estland, som uppg\u00e5r till ca 25 miljoner kronor det f\u00f6rsta\n\u00e5ret, g\u00f6rs f\u00f6r att vi ska bli flexiblare mot v\u00e5ra kunder och snabbare kunna\nanpassa tillverkningskapaciteten mot marknadens behov, konstaterar Tomas\nSj\u00f6lin. Vi kommer ocks\u00e5 att f\u00e5 l\u00e4gre tillverkningskostnader, vilket\nytterligare kommer att st\u00e4rka Nolatos konkurrenskraft inom\nmobiltelefonsektorn.\n\n\n- Etableringen i Estland kommer dock inte att inneb\u00e4ra n\u00e5gon neddragning av\nv\u00e5r produktion i Sverige eller USA.\n\n\nF\u00f6r mer information kontakta g\u00e4rna:\nTomas Sj\u00f6lin, vd och koncernchef i Nolato, tel 0431-44 22 94 eller 0708-25 26\n46.\n\n\nBild p\u00e5 Peeter M\u00f6rd finns p\u00e5 www.nolato.se.\n\nNolato \u00e4r en b\u00f6rsnoterad koncern av bolag som framf\u00f6r allt \u00e4r leverant\u00f6rer av\nplast- och gummikomponenter till exportorienterade f\u00f6retag inom mobil\ntelefoni, industri, fordon och medicinteknik. Koncernen omsatte f\u00f6rra \u00e5ret 1,9\nmiljarder kronor och har 1.800 anst\u00e4llda.\nMer information om Nolato finns p\u00e5 www.nolato.se\n\n------------------------------------------------------------\nMer information finns att f\u00e5 p\u00e5 http:\/\/www.bit.se\nF\u00f6ljande filer finns att ladda ned:\nhttp:\/\/www.bit.se\/bitonline\/1999\/08\/31\/19990831BIT00290\/bit0001.doc \nhttp:\/\/www.bit.se\/bitonline\/1999\/08\/31\/19990831BIT00290\/bit0002.pdf<\/p><\/pre>\n<div class=\"mfn-footer\"><\/div>\n","protected":false},"excerpt":{"rendered":"<p>Nolatos Estlandsfabrik f\u00f6r komponenter till mobiltelefoner: Klart med VD och fabrik i Tallinn Den b\u00f6rsnoterade Nolatokoncernen h\u00e5ller p\u00e5 att starta ett bolag i Estland f\u00f6r tillverkning av komponenter till mobiltelefoner. Till VD i det nya bolaget, som ing\u00e5r i aff\u00e4rsomr\u00e5de Mobile Communication, har utsetts Peeter M\u00f6rd. Peeter \u00e4r estl\u00e4ndare och bor med sin familj i&hellip; <a class=\"more-link\" href=\"https:\/\/temporary.nolato.com\/es\/mfn_news\/klart-med-vd-och-fabrik-i-tallinn\/\">Continue reading <span class=\"screen-reader-text\">Klart med VD och fabrik i Tallinn<\/span><\/a><\/p>\n","protected":false},"template":"","class_list":["post-579","mfn_news","type-mfn_news","status-publish","hentry","mfn-news-tag-mfn-ci","mfn-news-tag-mfn-type-ir","mfn-news-tag-mfn-regulatory-listing","mfn-news-tag-mfn","mfn-news-tag-mfn-ci-other","mfn-news-tag-mfn-regulatory","mfn-news-tag-mfn-lang-sv","entry"],"translation":{"provider":"WPGlobus","version":"3.0.0","language":"es","enabled_languages":["en","es","de","fr","ru","sv"],"languages":{"en":{"title":true,"content":true,"excerpt":false},"es":{"title":false,"content":false,"excerpt":false},"de":{"title":false,"content":false,"excerpt":false},"fr":{"title":false,"content":false,"excerpt":false},"ru":{"title":false,"content":false,"excerpt":false},"sv":{"title":false,"content":false,"excerpt":false}}},"_links":{"self":[{"href":"https:\/\/temporary.nolato.com\/es\/wp-json\/wp\/v2\/mfn_news\/579","targetHints":{"allow":["GET"]}}],"collection":[{"href":"https:\/\/temporary.nolato.com\/es\/wp-json\/wp\/v2\/mfn_news"}],"about":[{"href":"https:\/\/temporary.nolato.com\/es\/wp-json\/wp\/v2\/types\/mfn_news"}],"wp:attachment":[{"href":"https:\/\/temporary.nolato.com\/es\/wp-json\/wp\/v2\/media?parent=579"}],"curies":[{"name":"wp","href":"https:\/\/api.w.org\/{rel}","templated":true}]}}